{"id":1341,"date":"2015-01-26T09:41:07","date_gmt":"2015-01-26T08:41:07","guid":{"rendered":"https:\/\/www.akut-umwelt.de\/?p=1341\/"},"modified":"2017-05-18T16:28:44","modified_gmt":"2017-05-18T14:28:44","slug":"modernizacion-de-la-gestion-del-agua-en-peru","status":"publish","type":"post","link":"https:\/\/www.akut-umwelt.de\/es\/modernizacion-de-la-gestion-del-agua-en-peru\/","title":{"rendered":"Modernizaci\u00f3n de la Gesti\u00f3n del agua en Per\u00fa"},"content":{"rendered":"<p>El programa de modernizaci\u00f3n y fortalecimiento de la gesti\u00f3n del agua \u2013 PROAGUA II \u2013 apoya la implementaci\u00f3n de un ambicioso proceso de reorganizaci\u00f3n en la econom\u00eda del agua peruana.<\/p>\n<p>A trav\u00e9s de la \u201cLey de Modernizaci\u00f3n de los Servicios de Saneamiento N\u00ba 30045\u201d y del establecimiento de la nueva organizaci\u00f3n sectorial OTASS (Organismo T\u00e9cnico de Administraci\u00f3n de los Servicios de Saneamiento) se reorganiza la estructura en este sector.<\/p>\n<p>El abastecimiento de agua y el saneamiento de las empresas (WVU) no cumplen con ciertos requerimientos de actuaci\u00f3n, deben ser sometidos a una transici\u00f3n (R\u00e9gimen de Apoyo Transitorio, RAT), para mejorar la situaci\u00f3n en el suministro.<\/p>\n<p>AKUT junto a Como Consult GmbH se encargan de apoyar el programa PROAGUA II en tres \u00e1mbitos:<\/p>\n<p>1.\u00a0\u00a0 \u00a0Implementaci\u00f3n de la \u201cLey de Modernizaci\u00f3n de la Gesti\u00f3n del Agua\u201d<br \/>\n2.\u00a0\u00a0 \u00a0Mejora de las actuaciones de WVU en la administraci\u00f3n de la transici\u00f3n<br \/>\n3.\u00a0\u00a0 \u00a0Mejora de la gesti\u00f3n del tratamiento del agua\u00a0 en WVU<\/p>\n<p>La duraci\u00f3n del proyecto est\u00e1 programada en 4 a\u00f1os.<\/p>\n","protected":false},"excerpt":{"rendered":"<p>El programa de modernizaci\u00f3n y fortalecimiento de la gesti\u00f3n del agua \u2013 PROAGUA II \u2013 apoya la implementaci\u00f3n de un ambicioso proceso de reorganizaci\u00f3n en la econom\u00eda del agua peruana. A trav\u00e9s de la \u201cLey de Modernizaci\u00f3n de los Servicios de Saneamiento N\u00ba 30045\u201d y del establecimiento de la nueva organizaci\u00f3n sectorial OTASS (Organismo T\u00e9cnico [&hellip;]<\/p>\n","protected":false},"author":2,"featured_media":771,"comment_status":"open","ping_status":"open","sticky":false,"template":"","format":"standard","meta":{"footnotes":""},"categories":[3],"tags":[],"class_list":["post-1341","post","type-post","status-publish","format-standard","has-post-thumbnail","hentry","category-allgemein-es"],"yoast_head":"<!-- This site is optimized with the Yoast SEO plugin v27.5 - https:\/\/yoast.com\/product\/yoast-seo-wordpress\/ -->\n<title>Modernizaci\u00f3n de la Gesti\u00f3n del agua en Per\u00fa - AKUT Umweltschutz Ingenieure Burkard und Partner<\/title>\n<meta name=\"robots\" content=\"index, follow, max-snippet:-1, max-image-preview:large, max-video-preview:-1\" \/>\n<link rel=\"canonical\" href=\"https:\/\/www.akut-umwelt.de\/es\/modernizacion-de-la-gestion-del-agua-en-peru\/\" \/>\n<meta property=\"og:locale\" content=\"es_ES\" \/>\n<meta property=\"og:type\" content=\"article\" \/>\n<meta property=\"og:title\" content=\"Modernizaci\u00f3n de la Gesti\u00f3n del agua en Per\u00fa - AKUT Umweltschutz Ingenieure Burkard und Partner\" \/>\n<meta property=\"og:description\" content=\"El programa de modernizaci\u00f3n y fortalecimiento de la gesti\u00f3n del agua \u2013 PROAGUA II \u2013 apoya la implementaci\u00f3n de un ambicioso proceso de reorganizaci\u00f3n en la econom\u00eda del agua peruana. A trav\u00e9s de la \u201cLey de Modernizaci\u00f3n de los Servicios de Saneamiento N\u00ba 30045\u201d y del establecimiento de la nueva organizaci\u00f3n sectorial OTASS (Organismo T\u00e9cnico [&hellip;]\" \/>\n<meta property=\"og:url\" content=\"https:\/\/www.akut-umwelt.de\/es\/modernizacion-de-la-gestion-del-agua-en-peru\/\" \/>\n<meta property=\"og:site_name\" content=\"AKUT Umweltschutz Ingenieure Burkard und Partner\" \/>\n<meta property=\"article:published_time\" content=\"2015-01-26T08:41:07+00:00\" \/>\n<meta property=\"article:modified_time\" content=\"2017-05-18T14:28:44+00:00\" \/>\n<meta property=\"og:image\" content=\"https:\/\/www.akut-umwelt.de\/wp-content\/uploads\/2015\/01\/pro-agua.jpg\" \/>\n\t<meta property=\"og:image:width\" content=\"2000\" \/>\n\t<meta property=\"og:image:height\" content=\"965\" \/>\n\t<meta property=\"og:image:type\" content=\"image\/jpeg\" \/>\n<meta name=\"author\" content=\"anja\" \/>\n<meta name=\"twitter:card\" content=\"summary_large_image\" \/>\n<meta name=\"twitter:label1\" content=\"Escrito por\" \/>\n\t<meta name=\"twitter:data1\" content=\"anja\" \/>\n\t<meta name=\"twitter:label2\" content=\"Tiempo de lectura\" \/>\n\t<meta name=\"twitter:data2\" content=\"1 minuto\" \/>\n<script type=\"application\/ld+json\" class=\"yoast-schema-graph\">{\"@context\":\"https:\\\/\\\/schema.org\",\"@graph\":[{\"@type\":\"Article\",\"@id\":\"https:\\\/\\\/www.akut-umwelt.de\\\/es\\\/modernizacion-de-la-gestion-del-agua-en-peru\\\/#article\",\"isPartOf\":{\"@id\":\"https:\\\/\\\/www.akut-umwelt.de\\\/es\\\/modernizacion-de-la-gestion-del-agua-en-peru\\\/\"},\"author\":{\"name\":\"anja\",\"@id\":\"https:\\\/\\\/www.akut-umwelt.de\\\/#\\\/schema\\\/person\\\/f50adbafea5bff323fb9d82be2504544\"},\"headline\":\"Modernizaci\u00f3n de la Gesti\u00f3n del agua en Per\u00fa\",\"datePublished\":\"2015-01-26T08:41:07+00:00\",\"dateModified\":\"2017-05-18T14:28:44+00:00\",\"mainEntityOfPage\":{\"@id\":\"https:\\\/\\\/www.akut-umwelt.de\\\/es\\\/modernizacion-de-la-gestion-del-agua-en-peru\\\/\"},\"wordCount\":192,\"commentCount\":0,\"image\":{\"@id\":\"https:\\\/\\\/www.akut-umwelt.de\\\/es\\\/modernizacion-de-la-gestion-del-agua-en-peru\\\/#primaryimage\"},\"thumbnailUrl\":\"https:\\\/\\\/www.akut-umwelt.de\\\/wp-content\\\/uploads\\\/2015\\\/01\\\/pro-agua.jpg\",\"articleSection\":[\"Allgemein @es\"],\"inLanguage\":\"es\",\"potentialAction\":[{\"@type\":\"CommentAction\",\"name\":\"Comment\",\"target\":[\"https:\\\/\\\/www.akut-umwelt.de\\\/es\\\/modernizacion-de-la-gestion-del-agua-en-peru\\\/#respond\"]}]},{\"@type\":\"WebPage\",\"@id\":\"https:\\\/\\\/www.akut-umwelt.de\\\/es\\\/modernizacion-de-la-gestion-del-agua-en-peru\\\/\",\"url\":\"https:\\\/\\\/www.akut-umwelt.de\\\/es\\\/modernizacion-de-la-gestion-del-agua-en-peru\\\/\",\"name\":\"Modernizaci\u00f3n de la Gesti\u00f3n del agua en Per\u00fa - AKUT Umweltschutz Ingenieure Burkard und Partner\",\"isPartOf\":{\"@id\":\"https:\\\/\\\/www.akut-umwelt.de\\\/#website\"},\"primaryImageOfPage\":{\"@id\":\"https:\\\/\\\/www.akut-umwelt.de\\\/es\\\/modernizacion-de-la-gestion-del-agua-en-peru\\\/#primaryimage\"},\"image\":{\"@id\":\"https:\\\/\\\/www.akut-umwelt.de\\\/es\\\/modernizacion-de-la-gestion-del-agua-en-peru\\\/#primaryimage\"},\"thumbnailUrl\":\"https:\\\/\\\/www.akut-umwelt.de\\\/wp-content\\\/uploads\\\/2015\\\/01\\\/pro-agua.jpg\",\"datePublished\":\"2015-01-26T08:41:07+00:00\",\"dateModified\":\"2017-05-18T14:28:44+00:00\",\"author\":{\"@id\":\"https:\\\/\\\/www.akut-umwelt.de\\\/#\\\/schema\\\/person\\\/f50adbafea5bff323fb9d82be2504544\"},\"breadcrumb\":{\"@id\":\"https:\\\/\\\/www.akut-umwelt.de\\\/es\\\/modernizacion-de-la-gestion-del-agua-en-peru\\\/#breadcrumb\"},\"inLanguage\":\"es\",\"potentialAction\":[{\"@type\":\"ReadAction\",\"target\":[\"https:\\\/\\\/www.akut-umwelt.de\\\/es\\\/modernizacion-de-la-gestion-del-agua-en-peru\\\/\"]}]},{\"@type\":\"ImageObject\",\"inLanguage\":\"es\",\"@id\":\"https:\\\/\\\/www.akut-umwelt.de\\\/es\\\/modernizacion-de-la-gestion-del-agua-en-peru\\\/#primaryimage\",\"url\":\"https:\\\/\\\/www.akut-umwelt.de\\\/wp-content\\\/uploads\\\/2015\\\/01\\\/pro-agua.jpg\",\"contentUrl\":\"https:\\\/\\\/www.akut-umwelt.de\\\/wp-content\\\/uploads\\\/2015\\\/01\\\/pro-agua.jpg\",\"width\":2000,\"height\":965},{\"@type\":\"BreadcrumbList\",\"@id\":\"https:\\\/\\\/www.akut-umwelt.de\\\/es\\\/modernizacion-de-la-gestion-del-agua-en-peru\\\/#breadcrumb\",\"itemListElement\":[{\"@type\":\"ListItem\",\"position\":1,\"name\":\"Home\",\"item\":\"https:\\\/\\\/www.akut-umwelt.de\\\/es\\\/\"},{\"@type\":\"ListItem\",\"position\":2,\"name\":\"Modernizaci\u00f3n de la Gesti\u00f3n del agua en Per\u00fa\"}]},{\"@type\":\"WebSite\",\"@id\":\"https:\\\/\\\/www.akut-umwelt.de\\\/#website\",\"url\":\"https:\\\/\\\/www.akut-umwelt.de\\\/\",\"name\":\"AKUT Umweltschutz Ingenieure Burkard und Partner\",\"description\":\"Das Ingenieurb\u00fcro f\u00fcr Wasser\\\/ Abwasser, Geb\u00e4udetechnik und Biogas\",\"potentialAction\":[{\"@type\":\"SearchAction\",\"target\":{\"@type\":\"EntryPoint\",\"urlTemplate\":\"https:\\\/\\\/www.akut-umwelt.de\\\/?s={search_term_string}\"},\"query-input\":{\"@type\":\"PropertyValueSpecification\",\"valueRequired\":true,\"valueName\":\"search_term_string\"}}],\"inLanguage\":\"es\"},{\"@type\":\"Person\",\"@id\":\"https:\\\/\\\/www.akut-umwelt.de\\\/#\\\/schema\\\/person\\\/f50adbafea5bff323fb9d82be2504544\",\"name\":\"anja\",\"image\":{\"@type\":\"ImageObject\",\"inLanguage\":\"es\",\"@id\":\"https:\\\/\\\/secure.gravatar.com\\\/avatar\\\/6fa48212f89d19de52ab52ddd45d5edbe308062a9dae7b3c367d907c9acc51ac?s=96&d=mm&r=g\",\"url\":\"https:\\\/\\\/secure.gravatar.com\\\/avatar\\\/6fa48212f89d19de52ab52ddd45d5edbe308062a9dae7b3c367d907c9acc51ac?s=96&d=mm&r=g\",\"contentUrl\":\"https:\\\/\\\/secure.gravatar.com\\\/avatar\\\/6fa48212f89d19de52ab52ddd45d5edbe308062a9dae7b3c367d907c9acc51ac?s=96&d=mm&r=g\",\"caption\":\"anja\"},\"url\":\"https:\\\/\\\/www.akut-umwelt.de\\\/es\\\/author\\\/anja\\\/\"}]}<\/script>\n<!-- \/ Yoast SEO plugin. -->","yoast_head_json":{"title":"Modernizaci\u00f3n de la Gesti\u00f3n del agua en Per\u00fa - AKUT Umweltschutz Ingenieure Burkard und Partner","robots":{"index":"index","follow":"follow","max-snippet":"max-snippet:-1","max-image-preview":"max-image-preview:large","max-video-preview":"max-video-preview:-1"},"canonical":"https:\/\/www.akut-umwelt.de\/es\/modernizacion-de-la-gestion-del-agua-en-peru\/","og_locale":"es_ES","og_type":"article","og_title":"Modernizaci\u00f3n de la Gesti\u00f3n del agua en Per\u00fa - AKUT Umweltschutz Ingenieure Burkard und Partner","og_description":"El programa de modernizaci\u00f3n y fortalecimiento de la gesti\u00f3n del agua \u2013 PROAGUA II \u2013 apoya la implementaci\u00f3n de un ambicioso proceso de reorganizaci\u00f3n en la econom\u00eda del agua peruana. A trav\u00e9s de la \u201cLey de Modernizaci\u00f3n de los Servicios de Saneamiento N\u00ba 30045\u201d y del establecimiento de la nueva organizaci\u00f3n sectorial OTASS (Organismo T\u00e9cnico [&hellip;]","og_url":"https:\/\/www.akut-umwelt.de\/es\/modernizacion-de-la-gestion-del-agua-en-peru\/","og_site_name":"AKUT Umweltschutz Ingenieure Burkard und Partner","article_published_time":"2015-01-26T08:41:07+00:00","article_modified_time":"2017-05-18T14:28:44+00:00","og_image":[{"width":2000,"height":965,"url":"https:\/\/www.akut-umwelt.de\/wp-content\/uploads\/2015\/01\/pro-agua.jpg","type":"image\/jpeg"}],"author":"anja","twitter_card":"summary_large_image","twitter_misc":{"Escrito por":"anja","Tiempo de lectura":"1 minuto"},"schema":{"@context":"https:\/\/schema.org","@graph":[{"@type":"Article","@id":"https:\/\/www.akut-umwelt.de\/es\/modernizacion-de-la-gestion-del-agua-en-peru\/#article","isPartOf":{"@id":"https:\/\/www.akut-umwelt.de\/es\/modernizacion-de-la-gestion-del-agua-en-peru\/"},"author":{"name":"anja","@id":"https:\/\/www.akut-umwelt.de\/#\/schema\/person\/f50adbafea5bff323fb9d82be2504544"},"headline":"Modernizaci\u00f3n de la Gesti\u00f3n del agua en Per\u00fa","datePublished":"2015-01-26T08:41:07+00:00","dateModified":"2017-05-18T14:28:44+00:00","mainEntityOfPage":{"@id":"https:\/\/www.akut-umwelt.de\/es\/modernizacion-de-la-gestion-del-agua-en-peru\/"},"wordCount":192,"commentCount":0,"image":{"@id":"https:\/\/www.akut-umwelt.de\/es\/modernizacion-de-la-gestion-del-agua-en-peru\/#primaryimage"},"thumbnailUrl":"https:\/\/www.akut-umwelt.de\/wp-content\/uploads\/2015\/01\/pro-agua.jpg","articleSection":["Allgemein @es"],"inLanguage":"es","potentialAction":[{"@type":"CommentAction","name":"Comment","target":["https:\/\/www.akut-umwelt.de\/es\/modernizacion-de-la-gestion-del-agua-en-peru\/#respond"]}]},{"@type":"WebPage","@id":"https:\/\/www.akut-umwelt.de\/es\/modernizacion-de-la-gestion-del-agua-en-peru\/","url":"https:\/\/www.akut-umwelt.de\/es\/modernizacion-de-la-gestion-del-agua-en-peru\/","name":"Modernizaci\u00f3n de la Gesti\u00f3n del agua en Per\u00fa - AKUT Umweltschutz Ingenieure Burkard und Partner","isPartOf":{"@id":"https:\/\/www.akut-umwelt.de\/#website"},"primaryImageOfPage":{"@id":"https:\/\/www.akut-umwelt.de\/es\/modernizacion-de-la-gestion-del-agua-en-peru\/#primaryimage"},"image":{"@id":"https:\/\/www.akut-umwelt.de\/es\/modernizacion-de-la-gestion-del-agua-en-peru\/#primaryimage"},"thumbnailUrl":"https:\/\/www.akut-umwelt.de\/wp-content\/uploads\/2015\/01\/pro-agua.jpg","datePublished":"2015-01-26T08:41:07+00:00","dateModified":"2017-05-18T14:28:44+00:00","author":{"@id":"https:\/\/www.akut-umwelt.de\/#\/schema\/person\/f50adbafea5bff323fb9d82be2504544"},"breadcrumb":{"@id":"https:\/\/www.akut-umwelt.de\/es\/modernizacion-de-la-gestion-del-agua-en-peru\/#breadcrumb"},"inLanguage":"es","potentialAction":[{"@type":"ReadAction","target":["https:\/\/www.akut-umwelt.de\/es\/modernizacion-de-la-gestion-del-agua-en-peru\/"]}]},{"@type":"ImageObject","inLanguage":"es","@id":"https:\/\/www.akut-umwelt.de\/es\/modernizacion-de-la-gestion-del-agua-en-peru\/#primaryimage","url":"https:\/\/www.akut-umwelt.de\/wp-content\/uploads\/2015\/01\/pro-agua.jpg","contentUrl":"https:\/\/www.akut-umwelt.de\/wp-content\/uploads\/2015\/01\/pro-agua.jpg","width":2000,"height":965},{"@type":"BreadcrumbList","@id":"https:\/\/www.akut-umwelt.de\/es\/modernizacion-de-la-gestion-del-agua-en-peru\/#breadcrumb","itemListElement":[{"@type":"ListItem","position":1,"name":"Home","item":"https:\/\/www.akut-umwelt.de\/es\/"},{"@type":"ListItem","position":2,"name":"Modernizaci\u00f3n de la Gesti\u00f3n del agua en Per\u00fa"}]},{"@type":"WebSite","@id":"https:\/\/www.akut-umwelt.de\/#website","url":"https:\/\/www.akut-umwelt.de\/","name":"AKUT Umweltschutz Ingenieure Burkard und Partner","description":"Das Ingenieurb\u00fcro f\u00fcr Wasser\/ Abwasser, Geb\u00e4udetechnik und Biogas","potentialAction":[{"@type":"SearchAction","target":{"@type":"EntryPoint","urlTemplate":"https:\/\/www.akut-umwelt.de\/?s={search_term_string}"},"query-input":{"@type":"PropertyValueSpecification","valueRequired":true,"valueName":"search_term_string"}}],"inLanguage":"es"},{"@type":"Person","@id":"https:\/\/www.akut-umwelt.de\/#\/schema\/person\/f50adbafea5bff323fb9d82be2504544","name":"anja","image":{"@type":"ImageObject","inLanguage":"es","@id":"https:\/\/secure.gravatar.com\/avatar\/6fa48212f89d19de52ab52ddd45d5edbe308062a9dae7b3c367d907c9acc51ac?s=96&d=mm&r=g","url":"https:\/\/secure.gravatar.com\/avatar\/6fa48212f89d19de52ab52ddd45d5edbe308062a9dae7b3c367d907c9acc51ac?s=96&d=mm&r=g","contentUrl":"https:\/\/secure.gravatar.com\/avatar\/6fa48212f89d19de52ab52ddd45d5edbe308062a9dae7b3c367d907c9acc51ac?s=96&d=mm&r=g","caption":"anja"},"url":"https:\/\/www.akut-umwelt.de\/es\/author\/anja\/"}]}},"_links":{"self":[{"href":"https:\/\/www.akut-umwelt.de\/es\/wp-json\/wp\/v2\/posts\/1341\/"}],"collection":[{"href":"https:\/\/www.akut-umwelt.de\/es\/wp-json\/wp\/v2\/posts\/"}],"about":[{"href":"https:\/\/www.akut-umwelt.de\/es\/wp-json\/wp\/v2\/types\/post\/"}],"author":[{"embeddable":true,"href":"https:\/\/www.akut-umwelt.de\/es\/wp-json\/wp\/v2\/users\/2\/"}],"replies":[{"embeddable":true,"href":"https:\/\/www.akut-umwelt.de\/es\/wp-json\/wp\/v2\/comments\/?post=1341"}],"version-history":[{"count":1,"href":"https:\/\/www.akut-umwelt.de\/es\/wp-json\/wp\/v2\/posts\/1341\/revisions\/"}],"predecessor-version":[{"id":1343,"href":"https:\/\/www.akut-umwelt.de\/es\/wp-json\/wp\/v2\/posts\/1341\/revisions\/1343\/"}],"wp:featuredmedia":[{"embeddable":true,"href":"https:\/\/www.akut-umwelt.de\/es\/wp-json\/wp\/v2\/media\/771\/"}],"wp:attachment":[{"href":"https:\/\/www.akut-umwelt.de\/es\/wp-json\/wp\/v2\/media\/?parent=1341"}],"wp:term":[{"taxonomy":"category","embeddable":true,"href":"https:\/\/www.akut-umwelt.de\/es\/wp-json\/wp\/v2\/categories\/?post=1341"},{"taxonomy":"post_tag","embeddable":true,"href":"https:\/\/www.akut-umwelt.de\/es\/wp-json\/wp\/v2\/tags\/?post=1341"}],"curies":[{"name":"wp","href":"https:\/\/api.w.org\/{rel}","templated":true}]}}