{"id":1817,"date":"2020-02-27T10:46:37","date_gmt":"2020-02-27T09:46:37","guid":{"rendered":"https:\/\/www.akut-umwelt.de\/?p=1817"},"modified":"2020-02-27T10:46:39","modified_gmt":"2020-02-27T09:46:39","slug":"inicio-del-proyecto-gestion-integrada-de-los-recursos-hidricos-en-la-cuenca-del-lago-victoria","status":"publish","type":"post","link":"https:\/\/www.akut-umwelt.de\/es\/inicio-del-proyecto-gestion-integrada-de-los-recursos-hidricos-en-la-cuenca-del-lago-victoria\/","title":{"rendered":"Inicio del proyecto \u00abGesti\u00f3n integrada de los recursos h\u00eddricos en la cuenca del lago Victoria\u00bb"},"content":{"rendered":"\n<p>En\npresencia del Secretario General de la East African Community (EAC), Liberat\nMfumukeko, el 14 de febrero de 2020 se di\u00f3 la se\u00f1al de salida para un programa\nde ordenaci\u00f3n integrada de los recursos h\u00eddricos en la cuenca del Lago Victoria\nen Kisumu (Kenia). El proyecto, coordinado por Lake Victoria Basin Commission\n(LVBC), est\u00e1 financiado por el Ministerio Federal de Cooperaci\u00f3n Econ\u00f3mica y\nDesarrollo de Alemania (BMZ) y la UE.<\/p>\n\n\n\n<p>Se encarg\u00f3 como\nConsultor de Ejecuci\u00f3n de Proyectos (PIC) a la empresa conjunta formada por Consulting\nEngineers Salzgitter (CES), AKUT Umweltschutz Ingenieure Burkard und Partner y\nMIBP Consulting Engineers, la ejecuci\u00f3n del Lote 2 de este programa. En este\ncontexto, AKUT es responsable de la gesti\u00f3n de la inversi\u00f3n de alta prioridad\n(HPI) \u00abCanal Nakivubo de Kampala \u00ab. El Kreditanstalt f\u00fcr Wiederaufbau\n(KfW) es responsable del contrato.<\/p>\n\n\n\n<p>Las\nexpectativas para el proyecto multisectorial con un volumen total de 31,9\nmillones de euros (duraci\u00f3n hasta febrero de 2023) son altas debido al\ndesarrollo del Lago Victoria, el segundo dep\u00f3sito de agua dulce m\u00e1s grande del\nmundo es altamente alarmante en t\u00e9rminos de calidad del agua, biodiversidad y\nlos impactos del cambio clim\u00e1tico. La ubicaci\u00f3n del proyecto bajo el paraguas\nde la multilateral EAC apoya la cooperaci\u00f3n regional en la regi\u00f3n.\nMediante la elaboraci\u00f3n de una \u00abDirectiva marco sobre el agua\u00bb, en\neste caso siguiendo el enfoque europeo, el programa tiene por objeto invertir\nla reciente tendencia negativa y por el contrario, lograr \u00abmejoras\nsignificativas\u00bb en la calidad del agua. M\u00e1s de 45 millones de personas se\nbeneficiar\u00e1n de ello. Con ese fin, se elaborar\u00e1n nuevas normas reglamentarias\npara los par\u00e1metros de descarga. En cuatro \u00abProyectos de inversi\u00f3n de alta\nprioridad\u00bb en Kisumu (Kenia), Kampala (Uganda), Mwanza (Tanzania) y Kigali\n(Rwanda) se prev\u00e9n medidas concretas que prometen una reducci\u00f3n considerable en\nla entrada de DQO y de las cargas de nutrientes y contaminantes en el lago. Uno\nde los objetivos es tambi\u00e9n desarrollar nuevas soluciones\/tecnolog\u00edas\nespec\u00edficas para cada lugar sobre la base de un modelo, que pueda ser aplicado a\nmedio plazo en otras ubicaciones de la cuenca del Lago Victoria.<\/p>\n\n\n\n<p>AKUT se\ncentrar\u00e1 en la planificaci\u00f3n y aplicaci\u00f3n de medidas en torno al Canal de\nNakivubo, el mayor vertedero de la regi\u00f3n metropolitana de Kampala en la Bah\u00eda Inner\nMurchison del Lago Victoria. En este contexto, se examinar\u00e1 y actualizar\u00e1 un\nestudio de viabilidad de un humedal artificial para el tratamiento de 45.000\nm\u00b3\/d\u00eda (tanto de aguas residuales como de efluentes de plantas de tratamiento\nde aguas residuales). Tambi\u00e9n se est\u00e1n examinando otras variantes y\ncombinaciones de procesos con el fin de aplicar las soluciones seleccionadas en\nla pr\u00f3xima etapa.<\/p>\n\n\n\n<p>En febrero de 2020 AKUT\nabri\u00f3 una nueva sucursal en Kampala, Uganda. Desde 2005, AKUT ha estado presente de forma\ncontinua en varios proyectos de \u00c1frica oriental y meridional. Con la oficina de\nKampala, AKUT tiene ahora su primera presencia independiente en el continente\nafricano. Esto est\u00e1 relacionado con una expansi\u00f3n de las actividades en la\nregi\u00f3n del \u00c1frica oriental. Nuestros largos a\u00f1os de experiencia en el\nasesoramiento de los servicios de agua y aguas residuales tambi\u00e9n tienen una\ndemanda creciente en \u00c1frica Oriental.<\/p>\n\n\n\n<p>La\nexperiencia de AKUT radica en el desarrollo de conceptos tecnol\u00f3gicos adaptados\nlocalmente (humedales artificiales, filtros verdes, peque\u00f1as plantas de\ntratamiento de aguas residuales, estanques de clarificaci\u00f3n, sistemas SBR,\nnuevos sistemas de saneamiento ECOSAN, reducci\u00f3n de p\u00e9rdidas de agua, medidas\npara la remediaci\u00f3n de aguas superficiales, renaturalizaci\u00f3n, plantas de\nbiog\u00e1s, energ\u00edas renovables, riego agr\u00edcola, programas Nexus multisectoriales),\nas\u00ed como en la consultor\u00eda institucional (cooperaci\u00f3n para el desarrollo,\nrealizaci\u00f3n de SDG, consultor\u00eda sobre sistemas de tarifas de agua, capacidad de\nformaci\u00f3n, apoyo en el desarrollo organizativo, gesti\u00f3n del entorno social,\netc.). AKUT act\u00faa en una red con socios internacionales y locales.<\/p>\n\n\n\n<p>En la\nedici\u00f3n de este a\u00f1o del AfWA ICE 2020 (African Water Association International\nCongress and Exhibition), que se celebrar\u00e1 del 24 al 27 de febrero en Kampala,\nAKUT se encontrar\u00e1 en el stand conjunto de la German Water Partnership (GWP) en\nel Hall 1, B7-B8 &amp; C14-C15. Esperamos su visita.<\/p>\n\n\n\n<p><\/p>\n\n\n\n<p>Contact: <a href=\"https:\/\/www.akut-umwelt.de\/es\/contacto\/\">Romas Radtke<\/a><\/p>\n\n\n\n<p>Press release: <a href=\"https:\/\/www.akut-umwelt.de\/wp-content\/uploads\/2020\/02\/11022020_LVB-IWRMP_Programme-Launch_Press-Release-LVBC_Final-1.pdf\">Programme-Launch.pdf<\/a><\/p>\n","protected":false},"excerpt":{"rendered":"<p>En presencia del Secretario General de la East African Community (EAC), Liberat Mfumukeko, el 14 de febrero de 2020 se di\u00f3 la se\u00f1al de salida para un programa de ordenaci\u00f3n integrada de los recursos h\u00eddricos en la cuenca del Lago Victoria en Kisumu (Kenia). El proyecto, coordinado por Lake Victoria Basin Commission (LVBC), est\u00e1 financiado [&hellip;]<\/p>\n","protected":false},"author":1,"featured_media":1826,"comment_status":"open","ping_status":"open","sticky":false,"template":"","format":"standard","meta":{"footnotes":""},"categories":[3],"tags":[],"class_list":["post-1817","post","type-post","status-publish","format-standard","has-post-thumbnail","hentry","category-allgemein-es"],"yoast_head":"<!-- This site is optimized with the Yoast SEO plugin v27.5 - https:\/\/yoast.com\/product\/yoast-seo-wordpress\/ -->\n<title>Inicio del proyecto &quot;Gesti\u00f3n integrada de los recursos h\u00eddricos en la cuenca del lago Victoria&quot; - AKUT Umweltschutz Ingenieure Burkard und Partner<\/title>\n<meta name=\"robots\" content=\"index, follow, max-snippet:-1, max-image-preview:large, max-video-preview:-1\" \/>\n<link rel=\"canonical\" href=\"https:\/\/www.akut-umwelt.de\/es\/inicio-del-proyecto-gestion-integrada-de-los-recursos-hidricos-en-la-cuenca-del-lago-victoria\/\" \/>\n<meta property=\"og:locale\" content=\"es_ES\" \/>\n<meta property=\"og:type\" content=\"article\" \/>\n<meta property=\"og:title\" content=\"Inicio del proyecto &quot;Gesti\u00f3n integrada de los recursos h\u00eddricos en la cuenca del lago Victoria&quot; - AKUT Umweltschutz Ingenieure Burkard und Partner\" \/>\n<meta property=\"og:description\" content=\"En presencia del Secretario General de la East African Community (EAC), Liberat Mfumukeko, el 14 de febrero de 2020 se di\u00f3 la se\u00f1al de salida para un programa de ordenaci\u00f3n integrada de los recursos h\u00eddricos en la cuenca del Lago Victoria en Kisumu (Kenia). El proyecto, coordinado por Lake Victoria Basin Commission (LVBC), est\u00e1 financiado [&hellip;]\" \/>\n<meta property=\"og:url\" content=\"https:\/\/www.akut-umwelt.de\/es\/inicio-del-proyecto-gestion-integrada-de-los-recursos-hidricos-en-la-cuenca-del-lago-victoria\/\" \/>\n<meta property=\"og:site_name\" content=\"AKUT Umweltschutz Ingenieure Burkard und Partner\" \/>\n<meta property=\"article:published_time\" content=\"2020-02-27T09:46:37+00:00\" \/>\n<meta property=\"article:modified_time\" content=\"2020-02-27T09:46:39+00:00\" \/>\n<meta property=\"og:image\" content=\"https:\/\/www.akut-umwelt.de\/wp-content\/uploads\/2020\/02\/eu-meets-eac.2-1JPG.jpg\" \/>\n\t<meta property=\"og:image:width\" content=\"619\" \/>\n\t<meta property=\"og:image:height\" content=\"309\" \/>\n\t<meta property=\"og:image:type\" content=\"image\/jpeg\" \/>\n<meta name=\"author\" content=\"akut\" \/>\n<meta name=\"twitter:card\" content=\"summary_large_image\" \/>\n<meta name=\"twitter:label1\" content=\"Escrito por\" \/>\n\t<meta name=\"twitter:data1\" content=\"akut\" \/>\n\t<meta name=\"twitter:label2\" content=\"Tiempo de lectura\" \/>\n\t<meta name=\"twitter:data2\" content=\"4 minutos\" \/>\n<script type=\"application\/ld+json\" class=\"yoast-schema-graph\">{\"@context\":\"https:\\\/\\\/schema.org\",\"@graph\":[{\"@type\":\"Article\",\"@id\":\"https:\\\/\\\/www.akut-umwelt.de\\\/es\\\/inicio-del-proyecto-gestion-integrada-de-los-recursos-hidricos-en-la-cuenca-del-lago-victoria\\\/#article\",\"isPartOf\":{\"@id\":\"https:\\\/\\\/www.akut-umwelt.de\\\/es\\\/inicio-del-proyecto-gestion-integrada-de-los-recursos-hidricos-en-la-cuenca-del-lago-victoria\\\/\"},\"author\":{\"name\":\"akut\",\"@id\":\"https:\\\/\\\/www.akut-umwelt.de\\\/#\\\/schema\\\/person\\\/633239d7ea117e39f2f0dd7ed800a75d\"},\"headline\":\"Inicio del proyecto \u00abGesti\u00f3n integrada de los recursos h\u00eddricos en la cuenca del lago Victoria\u00bb\",\"datePublished\":\"2020-02-27T09:46:37+00:00\",\"dateModified\":\"2020-02-27T09:46:39+00:00\",\"mainEntityOfPage\":{\"@id\":\"https:\\\/\\\/www.akut-umwelt.de\\\/es\\\/inicio-del-proyecto-gestion-integrada-de-los-recursos-hidricos-en-la-cuenca-del-lago-victoria\\\/\"},\"wordCount\":748,\"commentCount\":0,\"image\":{\"@id\":\"https:\\\/\\\/www.akut-umwelt.de\\\/es\\\/inicio-del-proyecto-gestion-integrada-de-los-recursos-hidricos-en-la-cuenca-del-lago-victoria\\\/#primaryimage\"},\"thumbnailUrl\":\"https:\\\/\\\/www.akut-umwelt.de\\\/wp-content\\\/uploads\\\/2020\\\/02\\\/eu-meets-eac.2-1JPG.jpg\",\"articleSection\":[\"Allgemein @es\"],\"inLanguage\":\"es\",\"potentialAction\":[{\"@type\":\"CommentAction\",\"name\":\"Comment\",\"target\":[\"https:\\\/\\\/www.akut-umwelt.de\\\/es\\\/inicio-del-proyecto-gestion-integrada-de-los-recursos-hidricos-en-la-cuenca-del-lago-victoria\\\/#respond\"]}]},{\"@type\":\"WebPage\",\"@id\":\"https:\\\/\\\/www.akut-umwelt.de\\\/es\\\/inicio-del-proyecto-gestion-integrada-de-los-recursos-hidricos-en-la-cuenca-del-lago-victoria\\\/\",\"url\":\"https:\\\/\\\/www.akut-umwelt.de\\\/es\\\/inicio-del-proyecto-gestion-integrada-de-los-recursos-hidricos-en-la-cuenca-del-lago-victoria\\\/\",\"name\":\"Inicio del proyecto \\\"Gesti\u00f3n integrada de los recursos h\u00eddricos en la cuenca del lago Victoria\\\" - AKUT Umweltschutz Ingenieure Burkard und Partner\",\"isPartOf\":{\"@id\":\"https:\\\/\\\/www.akut-umwelt.de\\\/#website\"},\"primaryImageOfPage\":{\"@id\":\"https:\\\/\\\/www.akut-umwelt.de\\\/es\\\/inicio-del-proyecto-gestion-integrada-de-los-recursos-hidricos-en-la-cuenca-del-lago-victoria\\\/#primaryimage\"},\"image\":{\"@id\":\"https:\\\/\\\/www.akut-umwelt.de\\\/es\\\/inicio-del-proyecto-gestion-integrada-de-los-recursos-hidricos-en-la-cuenca-del-lago-victoria\\\/#primaryimage\"},\"thumbnailUrl\":\"https:\\\/\\\/www.akut-umwelt.de\\\/wp-content\\\/uploads\\\/2020\\\/02\\\/eu-meets-eac.2-1JPG.jpg\",\"datePublished\":\"2020-02-27T09:46:37+00:00\",\"dateModified\":\"2020-02-27T09:46:39+00:00\",\"author\":{\"@id\":\"https:\\\/\\\/www.akut-umwelt.de\\\/#\\\/schema\\\/person\\\/633239d7ea117e39f2f0dd7ed800a75d\"},\"breadcrumb\":{\"@id\":\"https:\\\/\\\/www.akut-umwelt.de\\\/es\\\/inicio-del-proyecto-gestion-integrada-de-los-recursos-hidricos-en-la-cuenca-del-lago-victoria\\\/#breadcrumb\"},\"inLanguage\":\"es\",\"potentialAction\":[{\"@type\":\"ReadAction\",\"target\":[\"https:\\\/\\\/www.akut-umwelt.de\\\/es\\\/inicio-del-proyecto-gestion-integrada-de-los-recursos-hidricos-en-la-cuenca-del-lago-victoria\\\/\"]}]},{\"@type\":\"ImageObject\",\"inLanguage\":\"es\",\"@id\":\"https:\\\/\\\/www.akut-umwelt.de\\\/es\\\/inicio-del-proyecto-gestion-integrada-de-los-recursos-hidricos-en-la-cuenca-del-lago-victoria\\\/#primaryimage\",\"url\":\"https:\\\/\\\/www.akut-umwelt.de\\\/wp-content\\\/uploads\\\/2020\\\/02\\\/eu-meets-eac.2-1JPG.jpg\",\"contentUrl\":\"https:\\\/\\\/www.akut-umwelt.de\\\/wp-content\\\/uploads\\\/2020\\\/02\\\/eu-meets-eac.2-1JPG.jpg\",\"width\":619,\"height\":309},{\"@type\":\"BreadcrumbList\",\"@id\":\"https:\\\/\\\/www.akut-umwelt.de\\\/es\\\/inicio-del-proyecto-gestion-integrada-de-los-recursos-hidricos-en-la-cuenca-del-lago-victoria\\\/#breadcrumb\",\"itemListElement\":[{\"@type\":\"ListItem\",\"position\":1,\"name\":\"Home\",\"item\":\"https:\\\/\\\/www.akut-umwelt.de\\\/es\\\/\"},{\"@type\":\"ListItem\",\"position\":2,\"name\":\"Inicio del proyecto \u00abGesti\u00f3n integrada de los recursos h\u00eddricos en la cuenca del lago Victoria\u00bb\"}]},{\"@type\":\"WebSite\",\"@id\":\"https:\\\/\\\/www.akut-umwelt.de\\\/#website\",\"url\":\"https:\\\/\\\/www.akut-umwelt.de\\\/\",\"name\":\"AKUT Umweltschutz Ingenieure Burkard und Partner\",\"description\":\"Das Ingenieurb\u00fcro f\u00fcr Wasser\\\/ Abwasser, Geb\u00e4udetechnik und Biogas\",\"potentialAction\":[{\"@type\":\"SearchAction\",\"target\":{\"@type\":\"EntryPoint\",\"urlTemplate\":\"https:\\\/\\\/www.akut-umwelt.de\\\/?s={search_term_string}\"},\"query-input\":{\"@type\":\"PropertyValueSpecification\",\"valueRequired\":true,\"valueName\":\"search_term_string\"}}],\"inLanguage\":\"es\"},{\"@type\":\"Person\",\"@id\":\"https:\\\/\\\/www.akut-umwelt.de\\\/#\\\/schema\\\/person\\\/633239d7ea117e39f2f0dd7ed800a75d\",\"name\":\"akut\",\"image\":{\"@type\":\"ImageObject\",\"inLanguage\":\"es\",\"@id\":\"https:\\\/\\\/secure.gravatar.com\\\/avatar\\\/fedf40386e7dbc79f137318ebc95f458a881bc6b67513140e4bdd0b9f964d950?s=96&d=mm&r=g\",\"url\":\"https:\\\/\\\/secure.gravatar.com\\\/avatar\\\/fedf40386e7dbc79f137318ebc95f458a881bc6b67513140e4bdd0b9f964d950?s=96&d=mm&r=g\",\"contentUrl\":\"https:\\\/\\\/secure.gravatar.com\\\/avatar\\\/fedf40386e7dbc79f137318ebc95f458a881bc6b67513140e4bdd0b9f964d950?s=96&d=mm&r=g\",\"caption\":\"akut\"},\"url\":\"https:\\\/\\\/www.akut-umwelt.de\\\/es\\\/author\\\/akut\\\/\"}]}<\/script>\n<!-- \/ Yoast SEO plugin. -->","yoast_head_json":{"title":"Inicio del proyecto \"Gesti\u00f3n integrada de los recursos h\u00eddricos en la cuenca del lago Victoria\" - AKUT Umweltschutz Ingenieure Burkard und Partner","robots":{"index":"index","follow":"follow","max-snippet":"max-snippet:-1","max-image-preview":"max-image-preview:large","max-video-preview":"max-video-preview:-1"},"canonical":"https:\/\/www.akut-umwelt.de\/es\/inicio-del-proyecto-gestion-integrada-de-los-recursos-hidricos-en-la-cuenca-del-lago-victoria\/","og_locale":"es_ES","og_type":"article","og_title":"Inicio del proyecto \"Gesti\u00f3n integrada de los recursos h\u00eddricos en la cuenca del lago Victoria\" - AKUT Umweltschutz Ingenieure Burkard und Partner","og_description":"En presencia del Secretario General de la East African Community (EAC), Liberat Mfumukeko, el 14 de febrero de 2020 se di\u00f3 la se\u00f1al de salida para un programa de ordenaci\u00f3n integrada de los recursos h\u00eddricos en la cuenca del Lago Victoria en Kisumu (Kenia). El proyecto, coordinado por Lake Victoria Basin Commission (LVBC), est\u00e1 financiado [&hellip;]","og_url":"https:\/\/www.akut-umwelt.de\/es\/inicio-del-proyecto-gestion-integrada-de-los-recursos-hidricos-en-la-cuenca-del-lago-victoria\/","og_site_name":"AKUT Umweltschutz Ingenieure Burkard und Partner","article_published_time":"2020-02-27T09:46:37+00:00","article_modified_time":"2020-02-27T09:46:39+00:00","og_image":[{"width":619,"height":309,"url":"https:\/\/www.akut-umwelt.de\/wp-content\/uploads\/2020\/02\/eu-meets-eac.2-1JPG.jpg","type":"image\/jpeg"}],"author":"akut","twitter_card":"summary_large_image","twitter_misc":{"Escrito por":"akut","Tiempo de lectura":"4 minutos"},"schema":{"@context":"https:\/\/schema.org","@graph":[{"@type":"Article","@id":"https:\/\/www.akut-umwelt.de\/es\/inicio-del-proyecto-gestion-integrada-de-los-recursos-hidricos-en-la-cuenca-del-lago-victoria\/#article","isPartOf":{"@id":"https:\/\/www.akut-umwelt.de\/es\/inicio-del-proyecto-gestion-integrada-de-los-recursos-hidricos-en-la-cuenca-del-lago-victoria\/"},"author":{"name":"akut","@id":"https:\/\/www.akut-umwelt.de\/#\/schema\/person\/633239d7ea117e39f2f0dd7ed800a75d"},"headline":"Inicio del proyecto \u00abGesti\u00f3n integrada de los recursos h\u00eddricos en la cuenca del lago Victoria\u00bb","datePublished":"2020-02-27T09:46:37+00:00","dateModified":"2020-02-27T09:46:39+00:00","mainEntityOfPage":{"@id":"https:\/\/www.akut-umwelt.de\/es\/inicio-del-proyecto-gestion-integrada-de-los-recursos-hidricos-en-la-cuenca-del-lago-victoria\/"},"wordCount":748,"commentCount":0,"image":{"@id":"https:\/\/www.akut-umwelt.de\/es\/inicio-del-proyecto-gestion-integrada-de-los-recursos-hidricos-en-la-cuenca-del-lago-victoria\/#primaryimage"},"thumbnailUrl":"https:\/\/www.akut-umwelt.de\/wp-content\/uploads\/2020\/02\/eu-meets-eac.2-1JPG.jpg","articleSection":["Allgemein @es"],"inLanguage":"es","potentialAction":[{"@type":"CommentAction","name":"Comment","target":["https:\/\/www.akut-umwelt.de\/es\/inicio-del-proyecto-gestion-integrada-de-los-recursos-hidricos-en-la-cuenca-del-lago-victoria\/#respond"]}]},{"@type":"WebPage","@id":"https:\/\/www.akut-umwelt.de\/es\/inicio-del-proyecto-gestion-integrada-de-los-recursos-hidricos-en-la-cuenca-del-lago-victoria\/","url":"https:\/\/www.akut-umwelt.de\/es\/inicio-del-proyecto-gestion-integrada-de-los-recursos-hidricos-en-la-cuenca-del-lago-victoria\/","name":"Inicio del proyecto \"Gesti\u00f3n integrada de los recursos h\u00eddricos en la cuenca del lago Victoria\" - AKUT Umweltschutz Ingenieure Burkard und Partner","isPartOf":{"@id":"https:\/\/www.akut-umwelt.de\/#website"},"primaryImageOfPage":{"@id":"https:\/\/www.akut-umwelt.de\/es\/inicio-del-proyecto-gestion-integrada-de-los-recursos-hidricos-en-la-cuenca-del-lago-victoria\/#primaryimage"},"image":{"@id":"https:\/\/www.akut-umwelt.de\/es\/inicio-del-proyecto-gestion-integrada-de-los-recursos-hidricos-en-la-cuenca-del-lago-victoria\/#primaryimage"},"thumbnailUrl":"https:\/\/www.akut-umwelt.de\/wp-content\/uploads\/2020\/02\/eu-meets-eac.2-1JPG.jpg","datePublished":"2020-02-27T09:46:37+00:00","dateModified":"2020-02-27T09:46:39+00:00","author":{"@id":"https:\/\/www.akut-umwelt.de\/#\/schema\/person\/633239d7ea117e39f2f0dd7ed800a75d"},"breadcrumb":{"@id":"https:\/\/www.akut-umwelt.de\/es\/inicio-del-proyecto-gestion-integrada-de-los-recursos-hidricos-en-la-cuenca-del-lago-victoria\/#breadcrumb"},"inLanguage":"es","potentialAction":[{"@type":"ReadAction","target":["https:\/\/www.akut-umwelt.de\/es\/inicio-del-proyecto-gestion-integrada-de-los-recursos-hidricos-en-la-cuenca-del-lago-victoria\/"]}]},{"@type":"ImageObject","inLanguage":"es","@id":"https:\/\/www.akut-umwelt.de\/es\/inicio-del-proyecto-gestion-integrada-de-los-recursos-hidricos-en-la-cuenca-del-lago-victoria\/#primaryimage","url":"https:\/\/www.akut-umwelt.de\/wp-content\/uploads\/2020\/02\/eu-meets-eac.2-1JPG.jpg","contentUrl":"https:\/\/www.akut-umwelt.de\/wp-content\/uploads\/2020\/02\/eu-meets-eac.2-1JPG.jpg","width":619,"height":309},{"@type":"BreadcrumbList","@id":"https:\/\/www.akut-umwelt.de\/es\/inicio-del-proyecto-gestion-integrada-de-los-recursos-hidricos-en-la-cuenca-del-lago-victoria\/#breadcrumb","itemListElement":[{"@type":"ListItem","position":1,"name":"Home","item":"https:\/\/www.akut-umwelt.de\/es\/"},{"@type":"ListItem","position":2,"name":"Inicio del proyecto \u00abGesti\u00f3n integrada de los recursos h\u00eddricos en la cuenca del lago Victoria\u00bb"}]},{"@type":"WebSite","@id":"https:\/\/www.akut-umwelt.de\/#website","url":"https:\/\/www.akut-umwelt.de\/","name":"AKUT Umweltschutz Ingenieure Burkard und Partner","description":"Das Ingenieurb\u00fcro f\u00fcr Wasser\/ Abwasser, Geb\u00e4udetechnik und Biogas","potentialAction":[{"@type":"SearchAction","target":{"@type":"EntryPoint","urlTemplate":"https:\/\/www.akut-umwelt.de\/?s={search_term_string}"},"query-input":{"@type":"PropertyValueSpecification","valueRequired":true,"valueName":"search_term_string"}}],"inLanguage":"es"},{"@type":"Person","@id":"https:\/\/www.akut-umwelt.de\/#\/schema\/person\/633239d7ea117e39f2f0dd7ed800a75d","name":"akut","image":{"@type":"ImageObject","inLanguage":"es","@id":"https:\/\/secure.gravatar.com\/avatar\/fedf40386e7dbc79f137318ebc95f458a881bc6b67513140e4bdd0b9f964d950?s=96&d=mm&r=g","url":"https:\/\/secure.gravatar.com\/avatar\/fedf40386e7dbc79f137318ebc95f458a881bc6b67513140e4bdd0b9f964d950?s=96&d=mm&r=g","contentUrl":"https:\/\/secure.gravatar.com\/avatar\/fedf40386e7dbc79f137318ebc95f458a881bc6b67513140e4bdd0b9f964d950?s=96&d=mm&r=g","caption":"akut"},"url":"https:\/\/www.akut-umwelt.de\/es\/author\/akut\/"}]}},"_links":{"self":[{"href":"https:\/\/www.akut-umwelt.de\/es\/wp-json\/wp\/v2\/posts\/1817\/"}],"collection":[{"href":"https:\/\/www.akut-umwelt.de\/es\/wp-json\/wp\/v2\/posts\/"}],"about":[{"href":"https:\/\/www.akut-umwelt.de\/es\/wp-json\/wp\/v2\/types\/post\/"}],"author":[{"embeddable":true,"href":"https:\/\/www.akut-umwelt.de\/es\/wp-json\/wp\/v2\/users\/1\/"}],"replies":[{"embeddable":true,"href":"https:\/\/www.akut-umwelt.de\/es\/wp-json\/wp\/v2\/comments\/?post=1817"}],"version-history":[{"count":8,"href":"https:\/\/www.akut-umwelt.de\/es\/wp-json\/wp\/v2\/posts\/1817\/revisions\/"}],"predecessor-version":[{"id":1841,"href":"https:\/\/www.akut-umwelt.de\/es\/wp-json\/wp\/v2\/posts\/1817\/revisions\/1841\/"}],"wp:featuredmedia":[{"embeddable":true,"href":"https:\/\/www.akut-umwelt.de\/es\/wp-json\/wp\/v2\/media\/1826\/"}],"wp:attachment":[{"href":"https:\/\/www.akut-umwelt.de\/es\/wp-json\/wp\/v2\/media\/?parent=1817"}],"wp:term":[{"taxonomy":"category","embeddable":true,"href":"https:\/\/www.akut-umwelt.de\/es\/wp-json\/wp\/v2\/categories\/?post=1817"},{"taxonomy":"post_tag","embeddable":true,"href":"https:\/\/www.akut-umwelt.de\/es\/wp-json\/wp\/v2\/tags\/?post=1817"}],"curies":[{"name":"wp","href":"https:\/\/api.w.org\/{rel}","templated":true}]}}